{"id":12578,"date":"2025-10-14T15:45:26","date_gmt":"2025-10-14T13:45:26","guid":{"rendered":"https:\/\/www.eklya.fr\/?p=12578"},"modified":"2025-11-03T11:38:42","modified_gmt":"2025-11-03T10:38:42","slug":"erasmus-days-2025","status":"publish","type":"post","link":"https:\/\/www.eklya.fr\/en\/news\/erasmus-days-2025\/","title":{"rendered":"Erasmus Days 2025"},"content":{"rendered":"\t\t<div data-elementor-type=\"wp-post\" data-elementor-id=\"12578\" class=\"elementor elementor-12578 elementor-12577\" data-elementor-post-type=\"post\">\n\t\t\t\t<div class=\"elementor-element elementor-element-a8bb2d7 ban_inte_actu e-con-full e-flex e-con e-parent\" data-id=\"a8bb2d7\" data-element_type=\"container\" data-e-type=\"container\" data-settings=\"{&quot;background_background&quot;:&quot;classic&quot;}\">\n\t\t<div class=\"elementor-element elementor-element-dc7be61 breadcrumbs e-flex e-con-boxed e-con e-child\" data-id=\"dc7be61\" data-element_type=\"container\" data-e-type=\"container\" data-settings=\"{&quot;position&quot;:&quot;absolute&quot;}\">\n\t\t\t\t\t<div class=\"e-con-inner\">\n\t\t\t\t<div class=\"elementor-element elementor-element-d973c55 elementor-widget elementor-widget-breadcrumbs\" data-id=\"d973c55\" data-element_type=\"widget\" data-e-type=\"widget\" data-widget_type=\"breadcrumbs.default\">\n\t\t\t\t<div class=\"elementor-widget-container\">\n\t\t\t\t\t<p id=\"breadcrumbs\"><span><span><a href=\"https:\/\/www.eklya.fr\/en\/accueil\/\">Accueil<\/a><\/span><\/span><\/p>\t\t\t\t<\/div>\n\t\t\t\t<\/div>\n\t\t\t\t\t<\/div>\n\t\t\t\t<\/div>\n\t\t<div class=\"elementor-element elementor-element-9c74153 ban_content e-flex e-con-boxed e-con e-child\" data-id=\"9c74153\" data-element_type=\"container\" data-e-type=\"container\">\n\t\t\t\t\t<div class=\"e-con-inner\">\n\t\t\t\t<div class=\"elementor-element elementor-element-8d0a039 ban_sup_titre elementor-widget elementor-widget-heading\" data-id=\"8d0a039\" data-element_type=\"widget\" data-e-type=\"widget\" data-widget_type=\"heading.default\">\n\t\t\t\t<div class=\"elementor-widget-container\">\n\t\t\t\t\t<div class=\"elementor-heading-title elementor-size-default\">News<\/div>\t\t\t\t<\/div>\n\t\t\t\t<\/div>\n\t\t\t\t<div class=\"elementor-element elementor-element-29ef947 ban_titre elementor-widget__width-initial elementor-widget elementor-widget-heading\" data-id=\"29ef947\" data-element_type=\"widget\" data-e-type=\"widget\" data-widget_type=\"heading.default\">\n\t\t\t\t<div class=\"elementor-widget-container\">\n\t\t\t\t\t<h1 class=\"elementor-heading-title elementor-size-default\">Erasmus Days 2025<\/h1>\t\t\t\t<\/div>\n\t\t\t\t<\/div>\n\t\t\t\t<div class=\"elementor-element elementor-element-926aaa6 ban_date elementor-widget elementor-widget-post-info\" data-id=\"926aaa6\" data-element_type=\"widget\" data-e-type=\"widget\" data-widget_type=\"post-info.default\">\n\t\t\t\t<div class=\"elementor-widget-container\">\n\t\t\t\t\t\t\t<ul class=\"elementor-inline-items elementor-icon-list-items elementor-post-info\">\n\t\t\t\t\t\t\t\t<li class=\"elementor-icon-list-item elementor-repeater-item-19aaf7a elementor-inline-item\" itemprop=\"datePublished\">\n\t\t\t\t\t\t\t\t\t\t<span class=\"elementor-icon-list-icon\">\n\t\t\t\t\t\t\t\t<svg xmlns=\"http:\/\/www.w3.org\/2000\/svg\" id=\"uuid-d1c76b2b-b025-4f39-8982-8a524716be86\" viewBox=\"0 0 18 20\"><path d=\"m2,20c-.55,0-1.02-.2-1.41-.59-.39-.39-.59-.86-.59-1.41V4c0-.55.2-1.02.59-1.41.39-.39.86-.59,1.41-.59h1V0h2v2h8V0h2v2h1c.55,0,1.02.2,1.41.59s.59.86.59,1.41v14c0,.55-.2,1.02-.59,1.41s-.86.59-1.41.59H2Zm0-2h14v-10H2v10Zm0-12h14v-2H2v2Zm0,0v-2,2Zm7,6c-.28,0-.52-.1-.71-.29s-.29-.43-.29-.71.1-.52.29-.71.43-.29.71-.29.52.1.71.29c.19.19.29.43.29.71s-.1.52-.29.71c-.19.19-.43.29-.71.29Zm-4,0c-.28,0-.52-.1-.71-.29s-.29-.43-.29-.71.1-.52.29-.71.43-.29.71-.29.52.1.71.29.29.43.29.71-.1.52-.29.71-.43.29-.71.29Zm8,0c-.28,0-.52-.1-.71-.29s-.29-.43-.29-.71.1-.52.29-.71.43-.29.71-.29.52.1.71.29.29.43.29.71-.1.52-.29.71-.43.29-.71.29Zm-4,4c-.28,0-.52-.1-.71-.29-.19-.19-.29-.43-.29-.71s.1-.52.29-.71.43-.29.71-.29.52.1.71.29c.19.19.29.43.29.71s-.1.52-.29.71c-.19.19-.43.29-.71.29Zm-4,0c-.28,0-.52-.1-.71-.29-.19-.19-.29-.43-.29-.71s.1-.52.29-.71.43-.29.71-.29.52.1.71.29.29.43.29.71-.1.52-.29.71c-.19.19-.43.29-.71.29Zm8,0c-.28,0-.52-.1-.71-.29-.19-.19-.29-.43-.29-.71s.1-.52.29-.71.43-.29.71-.29.52.1.71.29.29.43.29.71-.1.52-.29.71c-.19.19-.43.29-.71.29Z\"><\/path><\/svg>\t\t\t\t\t\t\t<\/span>\n\t\t\t\t\t\t\t\t\t<span class=\"elementor-icon-list-text elementor-post-info__item elementor-post-info__item--type-date\">\n\t\t\t\t\t\t\t\t\t\t<time>14 October 2025<\/time>\t\t\t\t\t<\/span>\n\t\t\t\t\t\t\t\t<\/li>\n\t\t\t\t<\/ul>\n\t\t\t\t\t\t<\/div>\n\t\t\t\t<\/div>\n\t\t\t\t\t<\/div>\n\t\t\t\t<\/div>\n\t\t\t\t<\/div>\n\t\t<div class=\"elementor-element elementor-element-d05fac7 e-flex e-con-boxed e-con e-parent\" data-id=\"d05fac7\" data-element_type=\"container\" data-e-type=\"container\">\n\t\t\t\t\t<div class=\"e-con-inner\">\n\t\t\t\t<div class=\"elementor-element elementor-element-86166bd liste_puce_1 link_color2 elementor-widget elementor-widget-text-editor\" data-id=\"86166bd\" data-element_type=\"widget\" data-e-type=\"widget\" data-widget_type=\"text-editor.default\">\n\t\t\t\t<div class=\"elementor-widget-container\">\n\t\t\t\t\t\t\t\t\t<p>Every year, our campuses celebrate diversity and cultural openness through exciting events. This week, during <span class=\"txt_color2\"><strong>ErasmusDays<\/strong><\/span>, our French and international students came together to enjoy a unique intercultural experience.<\/p>\t\t\t\t\t\t\t\t<\/div>\n\t\t\t\t<\/div>\n\t\t\t\t\t<\/div>\n\t\t\t\t<\/div>\n\t\t<div class=\"elementor-element elementor-element-ffef92b e-flex e-con-boxed e-con e-parent\" data-id=\"ffef92b\" data-element_type=\"container\" data-e-type=\"container\">\n\t\t\t\t\t<div class=\"e-con-inner\">\n\t\t<div class=\"elementor-element elementor-element-02cf308 e-con-full e-flex e-con e-child\" data-id=\"02cf308\" data-element_type=\"container\" data-e-type=\"container\">\n\t\t\t\t<div class=\"elementor-element elementor-element-f5f2e1e img_radius elementor-widget elementor-widget-image\" data-id=\"f5f2e1e\" data-element_type=\"widget\" data-e-type=\"widget\" data-widget_type=\"image.default\">\n\t\t\t\t<div class=\"elementor-widget-container\">\n\t\t\t\t\t\t\t\t\t\t\t\t\t\t\t<img fetchpriority=\"high\" decoding=\"async\" width=\"1920\" height=\"1440\" src=\"https:\/\/www.eklya.fr\/wp-content\/uploads\/2025\/10\/integration-etudiants-erasmus-eklya-business-school.jpg\" class=\"attachment-full size-full wp-image-12597\" alt=\"\" srcset=\"https:\/\/www.eklya.fr\/wp-content\/uploads\/2025\/10\/integration-etudiants-erasmus-eklya-business-school.jpg 1920w, https:\/\/www.eklya.fr\/wp-content\/uploads\/2025\/10\/integration-etudiants-erasmus-eklya-business-school-1080x810.jpg 1080w, https:\/\/www.eklya.fr\/wp-content\/uploads\/2025\/10\/integration-etudiants-erasmus-eklya-business-school-1440x1080.jpg 1440w\" sizes=\"(max-width: 1920px) 100vw, 1920px\" \/>\t\t\t\t\t\t\t\t\t\t\t\t\t\t\t<\/div>\n\t\t\t\t<\/div>\n\t\t\t\t<\/div>\n\t\t<div class=\"elementor-element elementor-element-4747e79 e-con-full e-flex e-con e-child\" data-id=\"4747e79\" data-element_type=\"container\" data-e-type=\"container\">\n\t\t\t\t<div class=\"elementor-element elementor-element-413c11c titre_spe_2 elementor-widget elementor-widget-heading\" data-id=\"413c11c\" data-element_type=\"widget\" data-e-type=\"widget\" data-widget_type=\"heading.default\">\n\t\t\t\t<div class=\"elementor-widget-container\">\n\t\t\t\t\t<h2 class=\"elementor-heading-title elementor-size-default\">A programme punctuated by discovery and conviviality<\/h2>\t\t\t\t<\/div>\n\t\t\t\t<\/div>\n\t\t\t\t<div class=\"elementor-element elementor-element-1f18ac7 liste_puce_1 link_color2 elementor-widget elementor-widget-text-editor\" data-id=\"1f18ac7\" data-element_type=\"widget\" data-e-type=\"widget\" data-widget_type=\"text-editor.default\">\n\t\t\t\t<div class=\"elementor-widget-container\">\n\t\t\t\t\t\t\t\t\t<p>French and international students came together for a programme packed with cultural and festive activities:<\/p><ul><li><strong>Screening of Harry Potter in its original version<\/strong>: a unifying moment for fans of cinema and Anglo-Saxon culture.<\/li><li><strong>International meals<\/strong>: everyone had the chance to share a culinary speciality from their country in a veritable world tour of flavours.<\/li><li><strong>Quiz on Europe<\/strong>: fun and informative moments to test your knowledge while having fun.<\/li><li><strong>Ap&#8217;Euro<\/strong>: a European after-work event to relax, chat and forge intercultural links.<\/li><\/ul>\t\t\t\t\t\t\t\t<\/div>\n\t\t\t\t<\/div>\n\t\t\t\t<div class=\"elementor-element elementor-element-ed410c0 titre_spe_2 elementor-widget elementor-widget-heading\" data-id=\"ed410c0\" data-element_type=\"widget\" data-e-type=\"widget\" data-widget_type=\"heading.default\">\n\t\t\t\t<div class=\"elementor-widget-container\">\n\t\t\t\t\t<h2 class=\"elementor-heading-title elementor-size-default\">EKLYA, a business school committed to international mobility<\/h2>\t\t\t\t<\/div>\n\t\t\t\t<\/div>\n\t\t\t\t<div class=\"elementor-element elementor-element-35c554b liste_puce_1 link_color2 elementor-widget elementor-widget-text-editor\" data-id=\"35c554b\" data-element_type=\"widget\" data-e-type=\"widget\" data-widget_type=\"text-editor.default\">\n\t\t\t\t<div class=\"elementor-widget-container\">\n\t\t\t\t\t\t\t\t\t<p><strong>These Erasmus Days perfectly illustrate the values upheld by EKLYA<\/strong>: openness, diversity, sharing and curiosity. Through its network of European academic partners, EKLYA offers study abroad programmes, international internships and intercultural seminars every year.<\/p><p>These opportunities are available to our BTS, Bachelor&#8217;s and Master&#8217;s students, <strong>enabling them to enrich their educational experience and develop key skills for the globalised job market<\/strong>.<\/p>\t\t\t\t\t\t\t\t<\/div>\n\t\t\t\t<\/div>\n\t\t\t\t<div class=\"elementor-element elementor-element-67c409b elementor-arrows-position-outside article_carousel elementor-pagination-position-outside elementor-widget elementor-widget-image-carousel\" data-id=\"67c409b\" data-element_type=\"widget\" data-e-type=\"widget\" data-settings=\"{&quot;slides_to_show&quot;:&quot;3&quot;,&quot;image_spacing_custom&quot;:{&quot;unit&quot;:&quot;px&quot;,&quot;size&quot;:10,&quot;sizes&quot;:[]},&quot;navigation&quot;:&quot;both&quot;,&quot;autoplay&quot;:&quot;yes&quot;,&quot;pause_on_hover&quot;:&quot;yes&quot;,&quot;pause_on_interaction&quot;:&quot;yes&quot;,&quot;autoplay_speed&quot;:5000,&quot;infinite&quot;:&quot;yes&quot;,&quot;speed&quot;:500,&quot;image_spacing_custom_widescreen&quot;:{&quot;unit&quot;:&quot;px&quot;,&quot;size&quot;:&quot;&quot;,&quot;sizes&quot;:[]},&quot;image_spacing_custom_laptop&quot;:{&quot;unit&quot;:&quot;px&quot;,&quot;size&quot;:&quot;&quot;,&quot;sizes&quot;:[]},&quot;image_spacing_custom_tablet_extra&quot;:{&quot;unit&quot;:&quot;px&quot;,&quot;size&quot;:&quot;&quot;,&quot;sizes&quot;:[]},&quot;image_spacing_custom_tablet&quot;:{&quot;unit&quot;:&quot;px&quot;,&quot;size&quot;:&quot;&quot;,&quot;sizes&quot;:[]},&quot;image_spacing_custom_mobile_extra&quot;:{&quot;unit&quot;:&quot;px&quot;,&quot;size&quot;:&quot;&quot;,&quot;sizes&quot;:[]},&quot;image_spacing_custom_mobile&quot;:{&quot;unit&quot;:&quot;px&quot;,&quot;size&quot;:&quot;&quot;,&quot;sizes&quot;:[]}}\" data-widget_type=\"image-carousel.default\">\n\t\t\t\t<div class=\"elementor-widget-container\">\n\t\t\t\t\t\t\t<div class=\"elementor-image-carousel-wrapper swiper\" role=\"region\" aria-roledescription=\"carousel\" aria-label=\"Carrousel d\u2019images\" dir=\"ltr\">\n\t\t\t<div class=\"elementor-image-carousel swiper-wrapper\" aria-live=\"off\">\n\t\t\t\t\t\t\t\t<div class=\"swiper-slide\" role=\"group\" aria-roledescription=\"slide\" aria-label=\"1 of 12\"><a data-elementor-open-lightbox=\"yes\" data-elementor-lightbox-slideshow=\"67c409b\" data-e-action-hash=\"#elementor-action%3Aaction%3Dlightbox%26settings%3DeyJpZCI6MTI2MDMsInVybCI6Imh0dHBzOlwvXC93d3cuZWtseWEuZnJcL3dwLWNvbnRlbnRcL3VwbG9hZHNcLzIwMjVcLzEwXC9vdXZlcnR1cmUtY3VsdHVyZWxsZS1ldHVkaWFudHMtaW50ZXJuYXRpb25hdXgtZWtseWEuanBnIiwic2xpZGVzaG93IjoiNjdjNDA5YiJ9\" href=\"https:\/\/www.eklya.fr\/wp-content\/uploads\/2025\/10\/ouverture-culturelle-etudiants-internationaux-eklya.jpg\"><figure class=\"swiper-slide-inner\"><img decoding=\"async\" class=\"swiper-slide-image\" src=\"https:\/\/www.eklya.fr\/wp-content\/uploads\/2025\/10\/ouverture-culturelle-etudiants-internationaux-eklya-780x780.jpg\" alt=\"ouverture-culturelle-etudiants-internationaux-eklya\" \/><\/figure><\/a><\/div><div class=\"swiper-slide\" role=\"group\" aria-roledescription=\"slide\" aria-label=\"2 of 12\"><a data-elementor-open-lightbox=\"yes\" data-elementor-lightbox-slideshow=\"67c409b\" data-e-action-hash=\"#elementor-action%3Aaction%3Dlightbox%26settings%3DeyJpZCI6MTI2MDEsInVybCI6Imh0dHBzOlwvXC93d3cuZWtseWEuZnJcL3dwLWNvbnRlbnRcL3VwbG9hZHNcLzIwMjVcLzEwXC9xdWl6LWV1cm9wZS1la2x5YS1lcmFzbXVzZGF5cy5qcGciLCJzbGlkZXNob3ciOiI2N2M0MDliIn0%3D\" href=\"https:\/\/www.eklya.fr\/wp-content\/uploads\/2025\/10\/quiz-europe-eklya-erasmusdays.jpg\"><figure class=\"swiper-slide-inner\"><img decoding=\"async\" class=\"swiper-slide-image\" src=\"https:\/\/www.eklya.fr\/wp-content\/uploads\/2025\/10\/quiz-europe-eklya-erasmusdays-780x780.jpg\" alt=\"quiz-europe-eklya-erasmusdays\" \/><\/figure><\/a><\/div><div class=\"swiper-slide\" role=\"group\" aria-roledescription=\"slide\" aria-label=\"3 of 12\"><a data-elementor-open-lightbox=\"yes\" data-elementor-lightbox-slideshow=\"67c409b\" data-e-action-hash=\"#elementor-action%3Aaction%3Dlightbox%26settings%3DeyJpZCI6MTI1OTksInVybCI6Imh0dHBzOlwvXC93d3cuZWtseWEuZnJcL3dwLWNvbnRlbnRcL3VwbG9hZHNcLzIwMjVcLzEwXC9ldHVkaWFudHMtZWtseWEtcGFydGFnZS1jdWx0dXJlLWV1cm9wZWVubmUuanBnIiwic2xpZGVzaG93IjoiNjdjNDA5YiJ9\" href=\"https:\/\/www.eklya.fr\/wp-content\/uploads\/2025\/10\/etudiants-eklya-partage-culture-europeenne.jpg\"><figure class=\"swiper-slide-inner\"><img decoding=\"async\" class=\"swiper-slide-image\" src=\"https:\/\/www.eklya.fr\/wp-content\/uploads\/2025\/10\/etudiants-eklya-partage-culture-europeenne-780x780.jpg\" alt=\"etudiants-eklya-partage-culture-europeenne\" \/><\/figure><\/a><\/div><div class=\"swiper-slide\" role=\"group\" aria-roledescription=\"slide\" aria-label=\"4 of 12\"><a data-elementor-open-lightbox=\"yes\" data-elementor-lightbox-slideshow=\"67c409b\" data-e-action-hash=\"#elementor-action%3Aaction%3Dlightbox%26settings%3DeyJpZCI6MTI1OTcsInVybCI6Imh0dHBzOlwvXC93d3cuZWtseWEuZnJcL3dwLWNvbnRlbnRcL3VwbG9hZHNcLzIwMjVcLzEwXC9pbnRlZ3JhdGlvbi1ldHVkaWFudHMtZXJhc211cy1la2x5YS1idXNpbmVzcy1zY2hvb2wuanBnIiwic2xpZGVzaG93IjoiNjdjNDA5YiJ9\" href=\"https:\/\/www.eklya.fr\/wp-content\/uploads\/2025\/10\/integration-etudiants-erasmus-eklya-business-school.jpg\"><figure class=\"swiper-slide-inner\"><img decoding=\"async\" class=\"swiper-slide-image\" src=\"https:\/\/www.eklya.fr\/wp-content\/uploads\/2025\/10\/integration-etudiants-erasmus-eklya-business-school-780x780.jpg\" alt=\"integration-etudiants-erasmus-eklya-business-school\" \/><\/figure><\/a><\/div><div class=\"swiper-slide\" role=\"group\" aria-roledescription=\"slide\" aria-label=\"5 of 12\"><a data-elementor-open-lightbox=\"yes\" data-elementor-lightbox-slideshow=\"67c409b\" data-e-action-hash=\"#elementor-action%3Aaction%3Dlightbox%26settings%3DeyJpZCI6MTI1OTUsInVybCI6Imh0dHBzOlwvXC93d3cuZWtseWEuZnJcL3dwLWNvbnRlbnRcL3VwbG9hZHNcLzIwMjVcLzEwXC9lcmFzbXVzZGF5cy1la2x5YS5qcGciLCJzbGlkZXNob3ciOiI2N2M0MDliIn0%3D\" href=\"https:\/\/www.eklya.fr\/wp-content\/uploads\/2025\/10\/erasmusdays-eklya.jpg\"><figure class=\"swiper-slide-inner\"><img decoding=\"async\" class=\"swiper-slide-image\" src=\"https:\/\/www.eklya.fr\/wp-content\/uploads\/2025\/10\/erasmusdays-eklya-780x780.jpg\" alt=\"erasmusdays-eklya\" \/><\/figure><\/a><\/div><div class=\"swiper-slide\" role=\"group\" aria-roledescription=\"slide\" aria-label=\"6 of 12\"><a data-elementor-open-lightbox=\"yes\" data-elementor-lightbox-slideshow=\"67c409b\" data-e-action-hash=\"#elementor-action%3Aaction%3Dlightbox%26settings%3DeyJpZCI6MTI1OTMsInVybCI6Imh0dHBzOlwvXC93d3cuZWtseWEuZnJcL3dwLWNvbnRlbnRcL3VwbG9hZHNcLzIwMjVcLzEwXC9ldmVuZW1lbnQtaW50ZXJjdWx0dXJlbC1la2x5YS1lcmFzbXVzZGF5cy1lY3VsbHkuanBnIiwic2xpZGVzaG93IjoiNjdjNDA5YiJ9\" href=\"https:\/\/www.eklya.fr\/wp-content\/uploads\/2025\/10\/evenement-interculturel-eklya-erasmusdays-ecully.jpg\"><figure class=\"swiper-slide-inner\"><img decoding=\"async\" class=\"swiper-slide-image\" src=\"https:\/\/www.eklya.fr\/wp-content\/uploads\/2025\/10\/evenement-interculturel-eklya-erasmusdays-ecully-780x780.jpg\" alt=\"evenement-interculturel-eklya-erasmusdays-ecully\" \/><\/figure><\/a><\/div><div class=\"swiper-slide\" role=\"group\" aria-roledescription=\"slide\" aria-label=\"7 of 12\"><a data-elementor-open-lightbox=\"yes\" data-elementor-lightbox-slideshow=\"67c409b\" data-e-action-hash=\"#elementor-action%3Aaction%3Dlightbox%26settings%3DeyJpZCI6MTI1OTEsInVybCI6Imh0dHBzOlwvXC93d3cuZWtseWEuZnJcL3dwLWNvbnRlbnRcL3VwbG9hZHNcLzIwMjVcLzEwXC9yZXBhcy1pbnRlcm5hdGlvbmFsLWV0dWRpYW50cy1la2x5YS1jYW1wdXMtZWN1bGx5LmpwZyIsInNsaWRlc2hvdyI6IjY3YzQwOWIifQ%3D%3D\" href=\"https:\/\/www.eklya.fr\/wp-content\/uploads\/2025\/10\/repas-international-etudiants-eklya-campus-ecully.jpg\"><figure class=\"swiper-slide-inner\"><img decoding=\"async\" class=\"swiper-slide-image\" src=\"https:\/\/www.eklya.fr\/wp-content\/uploads\/2025\/10\/repas-international-etudiants-eklya-campus-ecully-780x780.jpg\" alt=\"repas-international-etudiants-eklya-campus-ecully\" \/><\/figure><\/a><\/div><div class=\"swiper-slide\" role=\"group\" aria-roledescription=\"slide\" aria-label=\"8 of 12\"><a data-elementor-open-lightbox=\"yes\" data-elementor-lightbox-slideshow=\"67c409b\" data-e-action-hash=\"#elementor-action%3Aaction%3Dlightbox%26settings%3DeyJpZCI6MTI1ODksInVybCI6Imh0dHBzOlwvXC93d3cuZWtseWEuZnJcL3dwLWNvbnRlbnRcL3VwbG9hZHNcLzIwMjVcLzEwXC9hcGVyby1ldXJvcGVlbi1hcC1ldXJvLWV0dWRpYW50cy5qcGciLCJzbGlkZXNob3ciOiI2N2M0MDliIn0%3D\" href=\"https:\/\/www.eklya.fr\/wp-content\/uploads\/2025\/10\/apero-europeen-ap-euro-etudiants.jpg\"><figure class=\"swiper-slide-inner\"><img decoding=\"async\" class=\"swiper-slide-image\" src=\"https:\/\/www.eklya.fr\/wp-content\/uploads\/2025\/10\/apero-europeen-ap-euro-etudiants-780x780.jpg\" alt=\"apero-europeen-ap-euro-etudiants\" \/><\/figure><\/a><\/div><div class=\"swiper-slide\" role=\"group\" aria-roledescription=\"slide\" aria-label=\"9 of 12\"><a data-elementor-open-lightbox=\"yes\" data-elementor-lightbox-slideshow=\"67c409b\" data-e-action-hash=\"#elementor-action%3Aaction%3Dlightbox%26settings%3DeyJpZCI6MTI1ODcsInVybCI6Imh0dHBzOlwvXC93d3cuZWtseWEuZnJcL3dwLWNvbnRlbnRcL3VwbG9hZHNcLzIwMjVcLzEwXC9hbmltYXRpb24tY3VsdHVyZWxsZS1la2x5YS1zY2hvb2wtZXJhc211c2RheXMuanBnIiwic2xpZGVzaG93IjoiNjdjNDA5YiJ9\" href=\"https:\/\/www.eklya.fr\/wp-content\/uploads\/2025\/10\/animation-culturelle-eklya-school-erasmusdays.jpg\"><figure class=\"swiper-slide-inner\"><img decoding=\"async\" class=\"swiper-slide-image\" src=\"https:\/\/www.eklya.fr\/wp-content\/uploads\/2025\/10\/animation-culturelle-eklya-school-erasmusdays-780x780.jpg\" alt=\"animation-culturelle-eklya-school-erasmusdays\" \/><\/figure><\/a><\/div><div class=\"swiper-slide\" role=\"group\" aria-roledescription=\"slide\" aria-label=\"10 of 12\"><a data-elementor-open-lightbox=\"yes\" data-elementor-lightbox-slideshow=\"67c409b\" data-e-action-hash=\"#elementor-action%3Aaction%3Dlightbox%26settings%3DeyJpZCI6MTI1ODUsInVybCI6Imh0dHBzOlwvXC93d3cuZWtseWEuZnJcL3dwLWNvbnRlbnRcL3VwbG9hZHNcLzIwMjVcLzEwXC9jZWxlYnJhdGlvbi1lcmFzbXVzZGF5cy1la2x5YS1lY3VsbHktc2FpbnQtZXRpZW5uZS5qcGciLCJzbGlkZXNob3ciOiI2N2M0MDliIn0%3D\" href=\"https:\/\/www.eklya.fr\/wp-content\/uploads\/2025\/10\/celebration-erasmusdays-eklya-ecully-saint-etienne.jpg\"><figure class=\"swiper-slide-inner\"><img decoding=\"async\" class=\"swiper-slide-image\" src=\"https:\/\/www.eklya.fr\/wp-content\/uploads\/2025\/10\/celebration-erasmusdays-eklya-ecully-saint-etienne-600x780.jpg\" alt=\"celebration-erasmusdays-eklya-ecully-saint-etienne\" \/><\/figure><\/a><\/div><div class=\"swiper-slide\" role=\"group\" aria-roledescription=\"slide\" aria-label=\"11 of 12\"><a data-elementor-open-lightbox=\"yes\" data-elementor-lightbox-slideshow=\"67c409b\" data-e-action-hash=\"#elementor-action%3Aaction%3Dlightbox%26settings%3DeyJpZCI6MTI1ODMsInVybCI6Imh0dHBzOlwvXC93d3cuZWtseWEuZnJcL3dwLWNvbnRlbnRcL3VwbG9hZHNcLzIwMjVcLzEwXC9lcmFzbXVzZGF5cy1la2x5YS1zY2hvb2wtb2YtYnVzaW5lc3Mtc2FpbnQtZXRpZW5uZS5qcGciLCJzbGlkZXNob3ciOiI2N2M0MDliIn0%3D\" href=\"https:\/\/www.eklya.fr\/wp-content\/uploads\/2025\/10\/erasmusdays-eklya-school-of-business-saint-etienne.jpg\"><figure class=\"swiper-slide-inner\"><img decoding=\"async\" class=\"swiper-slide-image\" src=\"https:\/\/www.eklya.fr\/wp-content\/uploads\/2025\/10\/erasmusdays-eklya-school-of-business-saint-etienne-600x780.jpg\" alt=\"erasmusdays-eklya-school-of-business-saint-etienne\" \/><\/figure><\/a><\/div><div class=\"swiper-slide\" role=\"group\" aria-roledescription=\"slide\" aria-label=\"12 of 12\"><a data-elementor-open-lightbox=\"yes\" data-elementor-lightbox-slideshow=\"67c409b\" data-e-action-hash=\"#elementor-action%3Aaction%3Dlightbox%26settings%3DeyJpZCI6MTI1ODEsInVybCI6Imh0dHBzOlwvXC93d3cuZWtseWEuZnJcL3dwLWNvbnRlbnRcL3VwbG9hZHNcLzIwMjVcLzEwXC9ldHVkaWFudHMtaW50ZXJuYXRpb25hdXgtZWtseWEtZXJhc211c2RheXMtY2FtcHVzLWVjdWxseS5qcGciLCJzbGlkZXNob3ciOiI2N2M0MDliIn0%3D\" href=\"https:\/\/www.eklya.fr\/wp-content\/uploads\/2025\/10\/etudiants-internationaux-eklya-erasmusdays-campus-ecully.jpg\"><figure class=\"swiper-slide-inner\"><img decoding=\"async\" class=\"swiper-slide-image\" src=\"https:\/\/www.eklya.fr\/wp-content\/uploads\/2025\/10\/etudiants-internationaux-eklya-erasmusdays-campus-ecully-780x780.jpg\" alt=\"etudiants-internationaux-eklya-erasmusdays-campus-ecully\" \/><\/figure><\/a><\/div>\t\t\t<\/div>\n\t\t\t\t\t\t\t\t\t\t\t\t<div class=\"elementor-swiper-button elementor-swiper-button-prev\" role=\"button\" tabindex=\"0\">\n\t\t\t\t\t\t<svg xmlns=\"http:\/\/www.w3.org\/2000\/svg\" id=\"uuid-5b07ad90-f8a2-4ca8-b4bb-57f6f34c8d43\" viewBox=\"0 0 72.04 72.04\"><g id=\"uuid-73e94db6-204a-4176-9d73-4f0261808b40\"><path d=\"M36.02,72.04c19.85,0,36.02-16.15,36.02-36.02S55.87,0,36.02,0,0,16.17,0,36.02s16.14,36.02,36.02,36.02ZM36.02,4.23c17.52,0,31.78,14.26,31.78,31.78s-14.26,31.78-31.78,31.78S4.24,53.55,4.24,36.01,18.5,4.23,36.02,4.23Z\"><\/path><path d=\"M20.34,36.02c0-.64.28-1.21.72-1.59l13.45-13.45c.42-.42.95-.64,1.5-.64s1.08.21,1.5.64c.83.83.83,2.16,0,2.99l-9.96,9.94h22.01c1.17,0,2.12.95,2.12,2.12s-.95,2.12-2.12,2.12h-22.01l9.96,9.96c.83.83.83,2.16,0,2.99-.85.83-2.18.83-3.01,0l-13.56-13.56c-.19-.19-.34-.42-.44-.68-.04-.08-.08-.19-.08-.3-.06-.17-.08-.34-.08-.53h0Z\"><\/path><\/g><\/svg>\t\t\t\t\t<\/div>\n\t\t\t\t\t<div class=\"elementor-swiper-button elementor-swiper-button-next\" role=\"button\" tabindex=\"0\">\n\t\t\t\t\t\t<svg xmlns=\"http:\/\/www.w3.org\/2000\/svg\" id=\"uuid-00b152a1-9d49-4cd9-a9d3-ae2e03cb8222\" viewBox=\"0 0 72.04 72.04\"><g id=\"uuid-ffdd0967-5789-4def-b580-a1c6915ed613\"><path d=\"M36.02,0C16.17,0,0,16.15,0,36.02s16.17,36.02,36.02,36.02,36.02-16.17,36.02-36.02S55.9,0,36.02,0ZM36.02,67.81c-17.52,0-31.78-14.26-31.78-31.78S18.5,4.25,36.02,4.25s31.78,14.24,31.78,31.78-14.26,31.78-31.78,31.78Z\"><\/path><path d=\"M51.7,36.02c0,.64-.28,1.21-.72,1.59l-13.45,13.45c-.42.42-.95.64-1.5.64s-1.08-.21-1.5-.64c-.83-.83-.83-2.16,0-2.99l9.96-9.94h-22.01c-1.17,0-2.12-.95-2.12-2.12s.95-2.12,2.12-2.12h22.01l-9.96-9.96c-.83-.83-.83-2.16,0-2.99.85-.83,2.18-.83,3.01,0l13.56,13.56c.19.19.34.42.44.68.04.08.08.19.08.3.06.17.08.34.08.53h0Z\"><\/path><\/g><\/svg>\t\t\t\t\t<\/div>\n\t\t\t\t\n\t\t\t\t\t\t\t\t\t<div class=\"swiper-pagination\"><\/div>\n\t\t\t\t\t\t\t\t\t<\/div>\n\t\t\t\t\t\t<\/div>\n\t\t\t\t<\/div>\n\t\t<div class=\"elementor-element elementor-element-61f0b10 e-con-full e-flex e-con e-child\" data-id=\"61f0b10\" data-element_type=\"container\" data-e-type=\"container\">\n\t\t\t\t<div class=\"elementor-element elementor-element-d6ba6e0 liste_puce_1 link_color2 elementor-widget elementor-widget-text-editor\" data-id=\"d6ba6e0\" data-element_type=\"widget\" data-e-type=\"widget\" data-widget_type=\"text-editor.default\">\n\t\t\t\t<div class=\"elementor-widget-container\">\n\t\t\t\t\t\t\t\t\t<p style=\"text-align: center;\">Envie d\u2019en savoir plus sur les opportunit\u00e9s de mobilit\u00e9 \u00e0 EKLYA ?<br \/>D\u00e9couvrez notre page d\u00e9di\u00e9e \u00e0 l\u2019international et rejoignez une \u00e9cole qui place l\u2019Europe et le monde au c\u0153ur de votre avenir professionnel.<\/p>\t\t\t\t\t\t\t\t<\/div>\n\t\t\t\t<\/div>\n\t\t\t\t<div class=\"elementor-element elementor-element-e384b6d elementor-widget elementor-widget-button\" data-id=\"e384b6d\" data-element_type=\"widget\" data-e-type=\"widget\" data-widget_type=\"button.default\">\n\t\t\t\t<div class=\"elementor-widget-container\">\n\t\t\t\t\t\t\t\t\t<div class=\"elementor-button-wrapper\">\n\t\t\t\t\t<a class=\"elementor-button elementor-button-link elementor-size-sm\" href=\"https:\/\/www.eklya.fr\/en\/international-programs\/\" target=\"_blank\">\n\t\t\t\t\t\t<span class=\"elementor-button-content-wrapper\">\n\t\t\t\t\t\t<span class=\"elementor-button-icon\">\n\t\t\t\t<svg aria-hidden=\"true\" class=\"e-font-icon-svg e-far-arrow-alt-circle-right\" viewBox=\"0 0 512 512\" xmlns=\"http:\/\/www.w3.org\/2000\/svg\"><path d=\"M504 256C504 119 393 8 256 8S8 119 8 256s111 248 248 248 248-111 248-248zm-448 0c0-110.5 89.5-200 200-200s200 89.5 200 200-89.5 200-200 200S56 366.5 56 256zm72 20v-40c0-6.6 5.4-12 12-12h116v-67c0-10.7 12.9-16 20.5-8.5l99 99c4.7 4.7 4.7 12.3 0 17l-99 99c-7.6 7.6-20.5 2.2-20.5-8.5v-67H140c-6.6 0-12-5.4-12-12z\"><\/path><\/svg>\t\t\t<\/span>\n\t\t\t\t\t\t\t\t\t<span class=\"elementor-button-text\">Opening up to international markets<\/span>\n\t\t\t\t\t<\/span>\n\t\t\t\t\t<\/a>\n\t\t\t\t<\/div>\n\t\t\t\t\t\t\t\t<\/div>\n\t\t\t\t<\/div>\n\t\t\t\t<\/div>\n\t\t\t\t<\/div>\n\t\t\t\t\t<\/div>\n\t\t\t\t<\/div>\n\t\t\t\t<\/div>\n\t\t","protected":false},"excerpt":{"rendered":"<p>Every year, our campuses celebrate diversity and cultural openness through exciting events. This week, during ErasmusDays, our French and international students came together to enjoy a unique intercultural experience.<\/p>\n","protected":false},"author":3,"featured_media":12597,"comment_status":"closed","ping_status":"closed","sticky":false,"template":"","format":"standard","meta":{"_acf_changed":false,"inline_featured_image":false,"footnotes":""},"categories":[65,66],"tags":[69,81,74,75],"class_list":["post-12578","post","type-post","status-publish","format-standard","has-post-thumbnail","hentry","category-all-etudiant-en","category-news","tag-international-en","tag-school-life-2","tag-school-life","tag-student-life"],"acf":[],"yoast_head":"<!-- This site is optimized with the Yoast SEO plugin v27.4 - https:\/\/yoast.com\/product\/yoast-seo-wordpress\/ -->\n<title>Erasmus Days 2025 - Eklya<\/title>\n<meta name=\"robots\" content=\"index, follow, max-snippet:-1, max-image-preview:large, max-video-preview:-1\" \/>\n<link rel=\"canonical\" href=\"https:\/\/www.eklya.fr\/en\/news\/erasmus-days-2025\/\" \/>\n<meta property=\"og:locale\" content=\"en_US\" \/>\n<meta property=\"og:type\" content=\"article\" \/>\n<meta property=\"og:title\" content=\"Erasmus Days 2025 - Eklya\" \/>\n<meta property=\"og:description\" content=\"Every year, our campuses celebrate diversity and cultural openness through exciting events. This week, during ErasmusDays, our French and international students came together to enjoy a unique intercultural experience.\" \/>\n<meta property=\"og:url\" content=\"https:\/\/www.eklya.fr\/en\/news\/erasmus-days-2025\/\" \/>\n<meta property=\"og:site_name\" content=\"Eklya\" \/>\n<meta property=\"article:published_time\" content=\"2025-10-14T13:45:26+00:00\" \/>\n<meta property=\"article:modified_time\" content=\"2025-11-03T10:38:42+00:00\" \/>\n<meta property=\"og:image\" content=\"https:\/\/www.eklya.fr\/wp-content\/uploads\/2025\/10\/integration-etudiants-erasmus-eklya-business-school.jpg\" \/>\n\t<meta property=\"og:image:width\" content=\"1920\" \/>\n\t<meta property=\"og:image:height\" content=\"1440\" \/>\n\t<meta property=\"og:image:type\" content=\"image\/jpeg\" \/>\n<meta name=\"author\" content=\"Walid Bourgi\" \/>\n<meta name=\"twitter:card\" content=\"summary_large_image\" \/>\n<meta name=\"twitter:label1\" content=\"Written by\" \/>\n\t<meta name=\"twitter:data1\" content=\"Walid Bourgi\" \/>\n\t<meta name=\"twitter:label2\" content=\"Est. reading time\" \/>\n\t<meta name=\"twitter:data2\" content=\"5 minutes\" \/>\n<script type=\"application\/ld+json\" class=\"yoast-schema-graph\">{\"@context\":\"https:\\\/\\\/schema.org\",\"@graph\":[{\"@type\":\"Article\",\"@id\":\"https:\\\/\\\/www.eklya.fr\\\/en\\\/news\\\/erasmus-days-2025\\\/#article\",\"isPartOf\":{\"@id\":\"https:\\\/\\\/www.eklya.fr\\\/en\\\/news\\\/erasmus-days-2025\\\/\"},\"author\":{\"name\":\"Walid Bourgi\",\"@id\":\"https:\\\/\\\/www.eklya.fr\\\/en\\\/#\\\/schema\\\/person\\\/5c8175b42635de2d68f21a32febd10b7\"},\"headline\":\"Erasmus Days 2025\",\"datePublished\":\"2025-10-14T13:45:26+00:00\",\"dateModified\":\"2025-11-03T10:38:42+00:00\",\"mainEntityOfPage\":{\"@id\":\"https:\\\/\\\/www.eklya.fr\\\/en\\\/news\\\/erasmus-days-2025\\\/\"},\"wordCount\":304,\"publisher\":{\"@id\":\"https:\\\/\\\/www.eklya.fr\\\/en\\\/#organization\"},\"image\":{\"@id\":\"https:\\\/\\\/www.eklya.fr\\\/en\\\/news\\\/erasmus-days-2025\\\/#primaryimage\"},\"thumbnailUrl\":\"https:\\\/\\\/www.eklya.fr\\\/wp-content\\\/uploads\\\/2025\\\/10\\\/integration-etudiants-erasmus-eklya-business-school.jpg\",\"keywords\":[\"International\",\"School life\",\"School life\",\"Student life\"],\"articleSection\":[\"All Etudiant\",\"news\"],\"inLanguage\":\"en-US\"},{\"@type\":\"WebPage\",\"@id\":\"https:\\\/\\\/www.eklya.fr\\\/en\\\/news\\\/erasmus-days-2025\\\/\",\"url\":\"https:\\\/\\\/www.eklya.fr\\\/en\\\/news\\\/erasmus-days-2025\\\/\",\"name\":\"Erasmus Days 2025 - Eklya\",\"isPartOf\":{\"@id\":\"https:\\\/\\\/www.eklya.fr\\\/en\\\/#website\"},\"primaryImageOfPage\":{\"@id\":\"https:\\\/\\\/www.eklya.fr\\\/en\\\/news\\\/erasmus-days-2025\\\/#primaryimage\"},\"image\":{\"@id\":\"https:\\\/\\\/www.eklya.fr\\\/en\\\/news\\\/erasmus-days-2025\\\/#primaryimage\"},\"thumbnailUrl\":\"https:\\\/\\\/www.eklya.fr\\\/wp-content\\\/uploads\\\/2025\\\/10\\\/integration-etudiants-erasmus-eklya-business-school.jpg\",\"datePublished\":\"2025-10-14T13:45:26+00:00\",\"dateModified\":\"2025-11-03T10:38:42+00:00\",\"breadcrumb\":{\"@id\":\"https:\\\/\\\/www.eklya.fr\\\/en\\\/news\\\/erasmus-days-2025\\\/#breadcrumb\"},\"inLanguage\":\"en-US\",\"potentialAction\":[{\"@type\":\"ReadAction\",\"target\":[\"https:\\\/\\\/www.eklya.fr\\\/en\\\/news\\\/erasmus-days-2025\\\/\"]}]},{\"@type\":\"ImageObject\",\"inLanguage\":\"en-US\",\"@id\":\"https:\\\/\\\/www.eklya.fr\\\/en\\\/news\\\/erasmus-days-2025\\\/#primaryimage\",\"url\":\"https:\\\/\\\/www.eklya.fr\\\/wp-content\\\/uploads\\\/2025\\\/10\\\/integration-etudiants-erasmus-eklya-business-school.jpg\",\"contentUrl\":\"https:\\\/\\\/www.eklya.fr\\\/wp-content\\\/uploads\\\/2025\\\/10\\\/integration-etudiants-erasmus-eklya-business-school.jpg\",\"width\":1920,\"height\":1440},{\"@type\":\"BreadcrumbList\",\"@id\":\"https:\\\/\\\/www.eklya.fr\\\/en\\\/news\\\/erasmus-days-2025\\\/#breadcrumb\",\"itemListElement\":[{\"@type\":\"ListItem\",\"position\":1,\"name\":\"Accueil\",\"item\":\"https:\\\/\\\/www.eklya.fr\\\/en\\\/accueil\\\/\"},{\"@type\":\"ListItem\",\"position\":2,\"name\":\"news\",\"item\":\"https:\\\/\\\/www.eklya.fr\\\/en\\\/news\\\/\"},{\"@type\":\"ListItem\",\"position\":3,\"name\":\"Erasmus Days 2025\"}]},{\"@type\":\"WebSite\",\"@id\":\"https:\\\/\\\/www.eklya.fr\\\/en\\\/#website\",\"url\":\"https:\\\/\\\/www.eklya.fr\\\/en\\\/\",\"name\":\"Eklya\",\"description\":\"Ecole de commerce\",\"publisher\":{\"@id\":\"https:\\\/\\\/www.eklya.fr\\\/en\\\/#organization\"},\"potentialAction\":[{\"@type\":\"SearchAction\",\"target\":{\"@type\":\"EntryPoint\",\"urlTemplate\":\"https:\\\/\\\/www.eklya.fr\\\/en\\\/?s={search_term_string}\"},\"query-input\":{\"@type\":\"PropertyValueSpecification\",\"valueRequired\":true,\"valueName\":\"search_term_string\"}}],\"inLanguage\":\"en-US\"},{\"@type\":\"Organization\",\"@id\":\"https:\\\/\\\/www.eklya.fr\\\/en\\\/#organization\",\"name\":\"Eklya\",\"url\":\"https:\\\/\\\/www.eklya.fr\\\/en\\\/\",\"logo\":{\"@type\":\"ImageObject\",\"inLanguage\":\"en-US\",\"@id\":\"https:\\\/\\\/www.eklya.fr\\\/en\\\/#\\\/schema\\\/logo\\\/image\\\/\",\"url\":\"https:\\\/\\\/www.eklya.fr\\\/wp-content\\\/uploads\\\/2024\\\/10\\\/logo-eklya-couleur.svg\",\"contentUrl\":\"https:\\\/\\\/www.eklya.fr\\\/wp-content\\\/uploads\\\/2024\\\/10\\\/logo-eklya-couleur.svg\",\"caption\":\"Eklya\"},\"image\":{\"@id\":\"https:\\\/\\\/www.eklya.fr\\\/en\\\/#\\\/schema\\\/logo\\\/image\\\/\"}},{\"@type\":\"Person\",\"@id\":\"https:\\\/\\\/www.eklya.fr\\\/en\\\/#\\\/schema\\\/person\\\/5c8175b42635de2d68f21a32febd10b7\",\"name\":\"Walid Bourgi\"}]}<\/script>\n<!-- \/ Yoast SEO plugin. -->","yoast_head_json":{"title":"Erasmus Days 2025 - Eklya","robots":{"index":"index","follow":"follow","max-snippet":"max-snippet:-1","max-image-preview":"max-image-preview:large","max-video-preview":"max-video-preview:-1"},"canonical":"https:\/\/www.eklya.fr\/en\/news\/erasmus-days-2025\/","og_locale":"en_US","og_type":"article","og_title":"Erasmus Days 2025 - Eklya","og_description":"Every year, our campuses celebrate diversity and cultural openness through exciting events. This week, during ErasmusDays, our French and international students came together to enjoy a unique intercultural experience.","og_url":"https:\/\/www.eklya.fr\/en\/news\/erasmus-days-2025\/","og_site_name":"Eklya","article_published_time":"2025-10-14T13:45:26+00:00","article_modified_time":"2025-11-03T10:38:42+00:00","og_image":[{"width":1920,"height":1440,"url":"https:\/\/www.eklya.fr\/wp-content\/uploads\/2025\/10\/integration-etudiants-erasmus-eklya-business-school.jpg","type":"image\/jpeg"}],"author":"Walid Bourgi","twitter_card":"summary_large_image","twitter_misc":{"Written by":"Walid Bourgi","Est. reading time":"5 minutes"},"schema":{"@context":"https:\/\/schema.org","@graph":[{"@type":"Article","@id":"https:\/\/www.eklya.fr\/en\/news\/erasmus-days-2025\/#article","isPartOf":{"@id":"https:\/\/www.eklya.fr\/en\/news\/erasmus-days-2025\/"},"author":{"name":"Walid Bourgi","@id":"https:\/\/www.eklya.fr\/en\/#\/schema\/person\/5c8175b42635de2d68f21a32febd10b7"},"headline":"Erasmus Days 2025","datePublished":"2025-10-14T13:45:26+00:00","dateModified":"2025-11-03T10:38:42+00:00","mainEntityOfPage":{"@id":"https:\/\/www.eklya.fr\/en\/news\/erasmus-days-2025\/"},"wordCount":304,"publisher":{"@id":"https:\/\/www.eklya.fr\/en\/#organization"},"image":{"@id":"https:\/\/www.eklya.fr\/en\/news\/erasmus-days-2025\/#primaryimage"},"thumbnailUrl":"https:\/\/www.eklya.fr\/wp-content\/uploads\/2025\/10\/integration-etudiants-erasmus-eklya-business-school.jpg","keywords":["International","School life","School life","Student life"],"articleSection":["All Etudiant","news"],"inLanguage":"en-US"},{"@type":"WebPage","@id":"https:\/\/www.eklya.fr\/en\/news\/erasmus-days-2025\/","url":"https:\/\/www.eklya.fr\/en\/news\/erasmus-days-2025\/","name":"Erasmus Days 2025 - Eklya","isPartOf":{"@id":"https:\/\/www.eklya.fr\/en\/#website"},"primaryImageOfPage":{"@id":"https:\/\/www.eklya.fr\/en\/news\/erasmus-days-2025\/#primaryimage"},"image":{"@id":"https:\/\/www.eklya.fr\/en\/news\/erasmus-days-2025\/#primaryimage"},"thumbnailUrl":"https:\/\/www.eklya.fr\/wp-content\/uploads\/2025\/10\/integration-etudiants-erasmus-eklya-business-school.jpg","datePublished":"2025-10-14T13:45:26+00:00","dateModified":"2025-11-03T10:38:42+00:00","breadcrumb":{"@id":"https:\/\/www.eklya.fr\/en\/news\/erasmus-days-2025\/#breadcrumb"},"inLanguage":"en-US","potentialAction":[{"@type":"ReadAction","target":["https:\/\/www.eklya.fr\/en\/news\/erasmus-days-2025\/"]}]},{"@type":"ImageObject","inLanguage":"en-US","@id":"https:\/\/www.eklya.fr\/en\/news\/erasmus-days-2025\/#primaryimage","url":"https:\/\/www.eklya.fr\/wp-content\/uploads\/2025\/10\/integration-etudiants-erasmus-eklya-business-school.jpg","contentUrl":"https:\/\/www.eklya.fr\/wp-content\/uploads\/2025\/10\/integration-etudiants-erasmus-eklya-business-school.jpg","width":1920,"height":1440},{"@type":"BreadcrumbList","@id":"https:\/\/www.eklya.fr\/en\/news\/erasmus-days-2025\/#breadcrumb","itemListElement":[{"@type":"ListItem","position":1,"name":"Accueil","item":"https:\/\/www.eklya.fr\/en\/accueil\/"},{"@type":"ListItem","position":2,"name":"news","item":"https:\/\/www.eklya.fr\/en\/news\/"},{"@type":"ListItem","position":3,"name":"Erasmus Days 2025"}]},{"@type":"WebSite","@id":"https:\/\/www.eklya.fr\/en\/#website","url":"https:\/\/www.eklya.fr\/en\/","name":"Eklya","description":"Ecole de commerce","publisher":{"@id":"https:\/\/www.eklya.fr\/en\/#organization"},"potentialAction":[{"@type":"SearchAction","target":{"@type":"EntryPoint","urlTemplate":"https:\/\/www.eklya.fr\/en\/?s={search_term_string}"},"query-input":{"@type":"PropertyValueSpecification","valueRequired":true,"valueName":"search_term_string"}}],"inLanguage":"en-US"},{"@type":"Organization","@id":"https:\/\/www.eklya.fr\/en\/#organization","name":"Eklya","url":"https:\/\/www.eklya.fr\/en\/","logo":{"@type":"ImageObject","inLanguage":"en-US","@id":"https:\/\/www.eklya.fr\/en\/#\/schema\/logo\/image\/","url":"https:\/\/www.eklya.fr\/wp-content\/uploads\/2024\/10\/logo-eklya-couleur.svg","contentUrl":"https:\/\/www.eklya.fr\/wp-content\/uploads\/2024\/10\/logo-eklya-couleur.svg","caption":"Eklya"},"image":{"@id":"https:\/\/www.eklya.fr\/en\/#\/schema\/logo\/image\/"}},{"@type":"Person","@id":"https:\/\/www.eklya.fr\/en\/#\/schema\/person\/5c8175b42635de2d68f21a32febd10b7","name":"Walid Bourgi"}]}},"publishpress_future_action":{"enabled":false,"date":"2026-05-01 10:28:26","action":"change-status","newStatus":"draft","terms":[],"taxonomy":"category","extraData":[]},"publishpress_future_workflow_manual_trigger":{"enabledWorkflows":[]},"_links":{"self":[{"href":"https:\/\/www.eklya.fr\/en\/wp-json\/wp\/v2\/posts\/12578","targetHints":{"allow":["GET"]}}],"collection":[{"href":"https:\/\/www.eklya.fr\/en\/wp-json\/wp\/v2\/posts"}],"about":[{"href":"https:\/\/www.eklya.fr\/en\/wp-json\/wp\/v2\/types\/post"}],"author":[{"embeddable":true,"href":"https:\/\/www.eklya.fr\/en\/wp-json\/wp\/v2\/users\/3"}],"replies":[{"embeddable":true,"href":"https:\/\/www.eklya.fr\/en\/wp-json\/wp\/v2\/comments?post=12578"}],"version-history":[{"count":10,"href":"https:\/\/www.eklya.fr\/en\/wp-json\/wp\/v2\/posts\/12578\/revisions"}],"predecessor-version":[{"id":12855,"href":"https:\/\/www.eklya.fr\/en\/wp-json\/wp\/v2\/posts\/12578\/revisions\/12855"}],"wp:featuredmedia":[{"embeddable":true,"href":"https:\/\/www.eklya.fr\/en\/wp-json\/wp\/v2\/media\/12597"}],"wp:attachment":[{"href":"https:\/\/www.eklya.fr\/en\/wp-json\/wp\/v2\/media?parent=12578"}],"wp:term":[{"taxonomy":"category","embeddable":true,"href":"https:\/\/www.eklya.fr\/en\/wp-json\/wp\/v2\/categories?post=12578"},{"taxonomy":"post_tag","embeddable":true,"href":"https:\/\/www.eklya.fr\/en\/wp-json\/wp\/v2\/tags?post=12578"}],"curies":[{"name":"wp","href":"https:\/\/api.w.org\/{rel}","templated":true}]}}